{"id":4673,"date":"2026-03-12T09:04:30","date_gmt":"2026-03-12T08:04:30","guid":{"rendered":"https:\/\/fogdakezemalapitvany.hu\/?p=4673"},"modified":"2026-04-14T09:54:25","modified_gmt":"2026-04-14T07:54:25","slug":"teljesen-normalis-hogy-kulonbozoek-vagyunk-beszelgetes-gittaval-a-fogd-a-kezem-alapitvany-kezdemenyezojevel","status":"publish","type":"post","link":"https:\/\/fogdakezemalapitvany.hu\/en\/teljesen-normalis-hogy-kulonbozoek-vagyunk-beszelgetes-gittaval-a-fogd-a-kezem-alapitvany-kezdemenyezojevel\/","title":{"rendered":"It\u2019s perfectly normal that we are different\u201d \u2013 interview with Gitta, initiator of the Hold My Hand Foundation"},"content":{"rendered":"<p class=\"wp-block-paragraph\">The Hold My Hand Foundation in P\u00e9cs has been supporting adults with intellectual\ndisabilities since 1991. Its goal is to provide assistance that nurtures independence while\nupholding human dignity. Gitta Szvacsekn\u00e9 Jahn explained how this is achieved.<\/p>\n\n\n\n<p class=\"wp-block-paragraph\"><strong>The idea behind the Hold My Hand Foundation<\/strong><\/p>\n\n\n\n<p class=\"wp-block-paragraph translation-block\">Whenever she returns to the daycare center, to this day she is greeted by the Youngsters\u2019\nbeaming eyes and their loud cries of \u201cHi, Gitta!\u201d<\/p>\n\n\n\n<p class=\"wp-block-paragraph\">Gitta refers to herself not as a founder, but rather as the initiator of the idea. She began her\ncareer as a teacher, then in the late 1980s took on volunteer work in the field of elder care. It\nwas during this period that she first experienced institutional coldness and later discovered\nsimilar inadequacies in the care provided to young people with disabilities.&nbsp;<\/p>\n\n\n\n<p class=\"wp-block-paragraph\">Akkoriban a rendszert a nagyl\u00e9tsz\u00e1m\u00fa \u00e1llami int\u00e9zm\u00e9nyek uralt\u00e1k, \u00e9s sok sz\u00fcl\u0151ben mer\u00fclt fel a k\u00e9rd\u00e9s: \u201e<em>Mi lesz, amikor a gyermekem befejezi az iskol\u00e1t?<\/em>\u201d \u2013 Ez a tapasztalat hat\u00e1ssal volt Gitta kialakul\u00f3 szeml\u00e9letm\u00f3dj\u00e1ra: \u201e<em>szakmai szempontb\u00f3l mindig azt mondtuk: ameddig lehet, maradjon a Fiatal csal\u00e1di k\u00f6zegben. Ha pedig feln\u0151tt\u00e9 v\u00e1lik, a szakembernek, pedag\u00f3gusnak a sz\u00fcl\u0151vel egy\u00fctt kell seg\u00edteni a lev\u00e1l\u00e1st, a feln\u0151tt\u00e9 v\u00e1l\u00e1st<\/em>.\u201d&nbsp;<\/p>\n\n\n\n<p class=\"wp-block-paragraph\">Building on this idea, they launched the foundation in 1991 together with a few parents and professionals.<em>C\u00e9lunk az volt, hogy <\/em><strong><em>a t\u00f6meges \u00e1llami ell\u00e1t\u00e1ssal ellent\u00e9tben emberk\u00f6zpont\u00fa, szem\u00e9lyre szabott t\u00e1mogat\u00e1st <\/em><\/strong><em>ny\u00fajtsunk<\/em>.\u201d&nbsp;<\/p>\n\n\n\n<p class=\"wp-block-paragraph translation-block\">In view of this, the structure of the emerging community was guided by the principle that <strong>Youngsters come first,<\/strong> followed by parents, and only then professionals \u2013 all working together as <strong>equal partners.<\/strong><\/p>\n\n\n\n<p class=\"wp-block-paragraph\"><strong>The first steps with the Youngsters&nbsp;<\/strong><\/p>\n\n\n\n<p class=\"wp-block-paragraph\">To put this approach into practice, the team of founders began working with the Youngsters \u2013\nfocusing on questions such as: <em>\u201cWho am I? What is my dream? What do I want?\u201d<\/em>\u2013 The Youngsters picked up this way of thinking quite easily, but the process was more difficult for\nthe parents; they were used to a different mindset.&nbsp;<\/p>\n\n\n\n<p class=\"wp-block-paragraph translation-block\">This partnership and the Youngsters' growing sense of self-awareness led to conflicts with\ntheir parents, who often disputed the foundation\u2019s approach. Over the years, they had\nbecome accustomed to the idea that, <strong>because their child had a disability, they had to\ntake the lead:<\/strong> not only to care for them, but also to make decisions on their behalf. The\nfoundation\u2019s professionals, however, wanted <em>\u201cthe Youngster to be raised to be independent<\/em>.\u201d<\/p>\n\n\n\n<p class=\"wp-block-paragraph translation-block\">Gitta says that, in the end, they were \u201ctamed\u201d through the Youngsters, but at first the parents\nexperienced mixed emotions. On the one hand, they were happy to see their child developing,\nand grateful that they could know they were in a supportive environment while they focused\non their work. At the same time, however, they were also protective of their child, and in\nmany cases experienced it as resistance when the Youngster no longer needed their constant\nguidance. This became especially visible in everyday situations involving routine decisions:\n<\/em><strong><em>\u201cwe taught them that, even if it made the process a little slower, we should allow the\nYoungster to decide for themselves what clothes to wear or when to get up.\u201d<\/em><\/strong><\/em><\/p>\n\n\n\n<p class=\"wp-block-paragraph translation-block\">To help parents process the difficulties that come with their child becoming an adult, Gitta\nand her colleagues organized conferences for them. Over time, not only the Youngsters and\nprofessionals, but the parents\u2019 own development also became visible: \u201clittle by little, they\nreached a point where letting go of their disabled child became less painful.\u201d Gitta\nemphasizes that the trauma an average parent experiences when letting go of their adult child\n\u201c<strong><em>never truly disappears in the case of parents raising a disabled child. Parents are often even\nmore vulnerable than the Youngsters themselves.\u201d<\/em><\/strong><em>.<\/em>\u201d<\/p>\n\n\n\n<p class=\"wp-block-paragraph\"><strong>\u201cSchool for Parents\u201d<\/strong><\/p>\n\n\n\n<p class=\"wp-block-paragraph\">The founding team\u2019s goal was for the Youngsters to feel valued, while the parents would\nlearn to accept that their child with disabilities was no longer a child anymore.&nbsp;<\/p>\n\n\n\n<p class=\"wp-block-paragraph translation-block\">Gitta believes that, partly due to a shortage of professionals, the field pays far too little\nattention to parents, who, in her view, \u201cdeserve much more positive reinforcement, even\nfrom the state,\u201d considering the difficulties that come with their situation.<\/p>\n\n\n\n<p class=\"wp-block-paragraph\">\u201e<em>\u201cThey carry this burden for decades. It can be eased, but later in life, as the parent retires,\nthey often relive the experience of exclusion: they no longer go to work, they have fewer\ncommunity connections, and because of this, it becomes even harder to let go of their \u2018child.\u2019\u201d<\/em>\u201d<\/p>\n\n\n\n<p class=\"wp-block-paragraph translation-block\">Continuous learning also plays an important role \u2013 not only for the Youngsters, but for the\nparents as well: \u201cthey reinterpret their role, their love, and the ways in which they can\nsupport, rather than restrict, their adult child.\u201d<\/p>\n\n\n\n<p class=\"wp-block-paragraph translation-block\">If she could start over, Gitta says she would involve parents more deeply in the life of the\nfoundation, in the form of a kind of \u201cschool for parents,\u201d through which she would want <strong><em>\u201cnot\nto raise them, but rather to accompany them.\u201d <\/em><\/strong>\u201d She imagines something \u201cdynamic, alive, and\ngenuinely helpful in processing everyday life.\u201d<\/p>\n\n\n\n<p class=\"wp-block-paragraph\"><strong>Independence, Responsibility, Diversity<\/strong><\/p>\n\n\n\n<p class=\"wp-block-paragraph translation-block\">As the foundation\u2019s operations became more established, <em>\u201cthe world changed as well. In the\n2000s, more and more supported independent living homes were created\u201d<\/em> \u2013 and the Hold My\nHand Foundation was among the first to join this movement.<\/p>\n\n\n\n<p class=\"wp-block-paragraph translation-block\">The essence of supported housing is that the Youngster can live independently and only\nreceives assistance when needed. This does not mean constant daily supervision, but rather\nsupport that is available at any time. <strong>\u201cIt was an enormous step toward independence, but\nalso a difficult one, because the right to make decisions belongs to the Youngster, while the\nultimate responsibility always falls on the helpers.<\/strong> Finding the balance between these two\nthings \u2013 freedom and responsibility \u2013 is one of the greatest challenges in this field.\u201d<\/p>\n\n\n\n<p class=\"wp-block-paragraph translation-block\">Alongside the process of becoming independent, Gitta believes that another key to\ndevelopment is helping the Youngster recognize that they are not the only one facing\ndifficulties \u2013 everyone struggles with something. \u201cI also revealed my own weaknesses to\nthem, and together we learned that it is completely normal that we are different. This\nremains the foundation\u2019s philosophy to this day. The goal was always to build on strengths,\nbut without going too far in the other direction: there should be no positive discrimination\neither. The essence is balance and maintaining partnership.\u201d<\/p>\n\n\n\n<p class=\"wp-block-paragraph\"><strong>\u201cNot a Profession, but a Calling\u201d<\/strong><\/p>\n\n\n\n<p class=\"wp-block-paragraph\">By now, the foundation\u2019s team has grown into a close-knit community. They regularly\norganize shared events \u2013 cooking gatherings, excursions, holiday celebrations \u2013 where the\nYoungsters, parents, and professionals can all spend time together.<\/p>\n\n\n\n<p class=\"wp-block-paragraph translation-block\">For Gitta, it brings great joy that she has remained connected not only to the Youngsters, but\nalso to the foundation\u2019s leadership and staff: \u201csometimes I can still offer them a perspective\nthat helps in their work. I worked here for twenty-seven years, and many things have changed\nsince then, but that is not a problem \u2013 communities usually develop in waves. I always felt\nthat this was not simply a profession, but a calling. I think that is why I was able to stay in it\nfor so many years; because every single day gave me some kind of joy, something new. Even\nwhen it was difficult, I never experienced it as a burden.\u201d<\/p>\n\n\n\n<p class=\"wp-block-paragraph translation-block\">She believes that one of the most important things in this work is learning that <strong>\u201cthe role of the\nhelper is not to solve life in place of another person, but to create space for them \u2013 space for\nmistakes, for decisions, for growth.\u201d<\/strong> In her view, development is ultimately made possible\nnot by abilities alone, but by a safe and accepting environment.<\/p>\n\n\n\n<p class=\"wp-block-paragraph translation-block\">\u201cNow, when I look back, I see that what truly matters is <strong>human connection.<\/strong> Not the\ninstitution, not the system, but the moment when someone smiles at you, holds your hand, or\nsimply sits beside you and listens. These are the moments that carry people forward. This is\nwhat we always tried to preserve. <strong>Even the name \u2018Hold My Hand\u2019 (Fogd A Kezem) was not\naccidental. It does not mean \u2018I will lead you,\u2019 but rather \u2018I am here beside you.\u2019<\/strong> If needed, I\nwill help \u2013 but if you are able to walk on your own, I will let go of your hand.\u201d<\/p>\n\n\n\n<p class=\"wp-block-paragraph translation-block\">As she recalls memories connected to the foundation\u2019s history, one story comes to mind:\n\u201conce, a Youngster named Gerg\u0151, who barely spoke, came up to me after a week and simply\nsaid: \u2018I like being here.\u2019 And I knew that was enough. No further feedback was needed. That\nis why it is worth doing this.\u201d<\/p>","protected":false},"excerpt":{"rendered":"<p>The Hold My Hand Foundation in P\u00e9cs has been supporting adults with intellectual\ndisabilities since 1991. Its goal is to provide assistance that nurtures independence while\nupholding human dignity. Gitta Szvacsekn\u00e9 Jahn explained how this is achieved.<\/p>","protected":false},"author":4,"featured_media":3473,"comment_status":"open","ping_status":"open","sticky":false,"template":"","format":"standard","meta":{"_acf_changed":false,"footnotes":""},"categories":[25],"tags":[],"class_list":["post-4673","post","type-post","status-publish","format-standard","has-post-thumbnail","hentry","category-blog"],"acf":[],"yoast_head":"<!-- This site is optimized with the Yoast SEO Premium plugin v28.4 (Yoast SEO v28.4) - https:\/\/yoast.com\/product\/yoast-seo-premium-wordpress\/ -->\n<title>\u201eTeljesen norm\u00e1lis, hogy k\u00fcl\u00f6nb\u00f6z\u0151ek vagyunk\u201d \u2013 besz\u00e9lget\u00e9s Gitt\u00e1val, a Fogd A Kezem Alap\u00edtv\u00e1ny kezdem\u00e9nyez\u0151j\u00e9vel&quot; - Fogd a Kezem Alap\u00edtv\u00e1ny<\/title>\n<meta name=\"robots\" content=\"index, follow, max-snippet:-1, max-image-preview:large, max-video-preview:-1\" \/>\n<link rel=\"canonical\" href=\"https:\/\/fogdakezemalapitvany.hu\/en\/teljesen-normalis-hogy-kulonbozoek-vagyunk-beszelgetes-gittaval-a-fogd-a-kezem-alapitvany-kezdemenyezojevel\/\" \/>\n<meta property=\"og:locale\" content=\"en_GB\" \/>\n<meta property=\"og:type\" content=\"article\" \/>\n<meta property=\"og:title\" content=\"\u201eTeljesen norm\u00e1lis, hogy k\u00fcl\u00f6nb\u00f6z\u0151ek vagyunk\u201d \u2013 besz\u00e9lget\u00e9s Gitt\u00e1val, a Fogd A Kezem Alap\u00edtv\u00e1ny kezdem\u00e9nyez\u0151j\u00e9vel&quot;\" \/>\n<meta property=\"og:description\" content=\"A p\u00e9csi Fogd A Kezem Alap\u00edtv\u00e1ny 1991 \u00f3ta foglalkozik \u00e9rtelmi fogyat\u00e9kkal \u00e9l\u0151 feln\u0151ttek t\u00e1mogat\u00e1s\u00e1val. C\u00e9lja, hogy az emberi m\u00e9lt\u00f3s\u00e1got szem el\u0151tt tartva, \u00fagy ny\u00fajtson seg\u00edts\u00e9get, amely \u00e1ltal egy\u00fattal \u00f6n\u00e1ll\u00f3s\u00e1gra is nevel. Hogy mindez hogyan val\u00f3sul meg, arr\u00f3l Szvacsekn\u00e9 Jahn Gitta mes\u00e9lt.\" \/>\n<meta property=\"og:url\" content=\"https:\/\/fogdakezemalapitvany.hu\/en\/teljesen-normalis-hogy-kulonbozoek-vagyunk-beszelgetes-gittaval-a-fogd-a-kezem-alapitvany-kezdemenyezojevel\/\" \/>\n<meta property=\"og:site_name\" content=\"Fogd a Kezem Alap\u00edtv\u00e1ny\" \/>\n<meta property=\"article:published_time\" content=\"2026-03-12T08:04:30+00:00\" \/>\n<meta property=\"article:modified_time\" content=\"2026-04-14T07:54:25+00:00\" \/>\n<meta property=\"og:image\" content=\"https:\/\/fogdakezemalapitvany.hu\/wp-content\/uploads\/2026\/01\/blog-Gitta.jpg\" \/>\n\t<meta property=\"og:image:width\" content=\"2472\" \/>\n\t<meta property=\"og:image:height\" content=\"2471\" \/>\n\t<meta property=\"og:image:type\" content=\"image\/jpeg\" \/>\n<meta name=\"author\" content=\"Szab\u00f3 Fanni\" \/>\n<meta name=\"twitter:card\" content=\"summary_large_image\" \/>\n<meta name=\"twitter:label1\" content=\"Written by\" \/>\n\t<meta name=\"twitter:data1\" content=\"Szab\u00f3 Fanni\" \/>\n\t<meta name=\"twitter:label2\" content=\"Estimated reading time\" \/>\n\t<meta name=\"twitter:data2\" content=\"7 minutes\" \/>\n<script type=\"application\/ld+json\" class=\"yoast-schema-graph\">{\"@context\":\"https:\\\/\\\/schema.org\",\"@graph\":[{\"@type\":\"Article\",\"@id\":\"https:\\\/\\\/fogdakezemalapitvany.hu\\\/teljesen-normalis-hogy-kulonbozoek-vagyunk-beszelgetes-gittaval-a-fogd-a-kezem-alapitvany-kezdemenyezojevel\\\/#article\",\"isPartOf\":{\"@id\":\"https:\\\/\\\/fogdakezemalapitvany.hu\\\/teljesen-normalis-hogy-kulonbozoek-vagyunk-beszelgetes-gittaval-a-fogd-a-kezem-alapitvany-kezdemenyezojevel\\\/\"},\"author\":{\"name\":\"Szab\u00f3 Fanni\",\"@id\":\"https:\\\/\\\/fogdakezemalapitvany.hu\\\/#\\\/schema\\\/person\\\/28741ccf476dfeadabe715bb9adbfec5\"},\"headline\":\"\u201eTeljesen norm\u00e1lis, hogy k\u00fcl\u00f6nb\u00f6z\u0151ek vagyunk\u201d \u2013 besz\u00e9lget\u00e9s Gitt\u00e1val, a Fogd A Kezem Alap\u00edtv\u00e1ny kezdem\u00e9nyez\u0151j\u00e9vel&#8221;\",\"datePublished\":\"2026-03-12T08:04:30+00:00\",\"dateModified\":\"2026-04-14T07:54:25+00:00\",\"mainEntityOfPage\":{\"@id\":\"https:\\\/\\\/fogdakezemalapitvany.hu\\\/teljesen-normalis-hogy-kulonbozoek-vagyunk-beszelgetes-gittaval-a-fogd-a-kezem-alapitvany-kezdemenyezojevel\\\/\"},\"wordCount\":1704,\"commentCount\":0,\"publisher\":{\"@id\":\"https:\\\/\\\/fogdakezemalapitvany.hu\\\/#organization\"},\"image\":{\"@id\":\"https:\\\/\\\/fogdakezemalapitvany.hu\\\/teljesen-normalis-hogy-kulonbozoek-vagyunk-beszelgetes-gittaval-a-fogd-a-kezem-alapitvany-kezdemenyezojevel\\\/#primaryimage\"},\"thumbnailUrl\":\"https:\\\/\\\/fogdakezemalapitvany.hu\\\/wp-content\\\/uploads\\\/2026\\\/01\\\/blog-Gitta.jpg\",\"articleSection\":[\"Blog\"],\"inLanguage\":\"en-GB\",\"potentialAction\":[{\"@type\":\"CommentAction\",\"name\":\"Comment\",\"target\":[\"https:\\\/\\\/fogdakezemalapitvany.hu\\\/teljesen-normalis-hogy-kulonbozoek-vagyunk-beszelgetes-gittaval-a-fogd-a-kezem-alapitvany-kezdemenyezojevel\\\/#respond\"]}]},{\"@type\":\"WebPage\",\"@id\":\"https:\\\/\\\/fogdakezemalapitvany.hu\\\/teljesen-normalis-hogy-kulonbozoek-vagyunk-beszelgetes-gittaval-a-fogd-a-kezem-alapitvany-kezdemenyezojevel\\\/\",\"url\":\"https:\\\/\\\/fogdakezemalapitvany.hu\\\/teljesen-normalis-hogy-kulonbozoek-vagyunk-beszelgetes-gittaval-a-fogd-a-kezem-alapitvany-kezdemenyezojevel\\\/\",\"name\":\"\u201eTeljesen norm\u00e1lis, hogy k\u00fcl\u00f6nb\u00f6z\u0151ek vagyunk\u201d \u2013 besz\u00e9lget\u00e9s Gitt\u00e1val, a Fogd A Kezem Alap\u00edtv\u00e1ny kezdem\u00e9nyez\u0151j\u00e9vel\\\" - Fogd a Kezem Alap\u00edtv\u00e1ny\",\"isPartOf\":{\"@id\":\"https:\\\/\\\/fogdakezemalapitvany.hu\\\/#website\"},\"primaryImageOfPage\":{\"@id\":\"https:\\\/\\\/fogdakezemalapitvany.hu\\\/teljesen-normalis-hogy-kulonbozoek-vagyunk-beszelgetes-gittaval-a-fogd-a-kezem-alapitvany-kezdemenyezojevel\\\/#primaryimage\"},\"image\":{\"@id\":\"https:\\\/\\\/fogdakezemalapitvany.hu\\\/teljesen-normalis-hogy-kulonbozoek-vagyunk-beszelgetes-gittaval-a-fogd-a-kezem-alapitvany-kezdemenyezojevel\\\/#primaryimage\"},\"thumbnailUrl\":\"https:\\\/\\\/fogdakezemalapitvany.hu\\\/wp-content\\\/uploads\\\/2026\\\/01\\\/blog-Gitta.jpg\",\"datePublished\":\"2026-03-12T08:04:30+00:00\",\"dateModified\":\"2026-04-14T07:54:25+00:00\",\"breadcrumb\":{\"@id\":\"https:\\\/\\\/fogdakezemalapitvany.hu\\\/teljesen-normalis-hogy-kulonbozoek-vagyunk-beszelgetes-gittaval-a-fogd-a-kezem-alapitvany-kezdemenyezojevel\\\/#breadcrumb\"},\"inLanguage\":\"en-GB\",\"potentialAction\":[{\"@type\":\"ReadAction\",\"target\":[\"https:\\\/\\\/fogdakezemalapitvany.hu\\\/teljesen-normalis-hogy-kulonbozoek-vagyunk-beszelgetes-gittaval-a-fogd-a-kezem-alapitvany-kezdemenyezojevel\\\/\"]}]},{\"@type\":\"ImageObject\",\"inLanguage\":\"en-GB\",\"@id\":\"https:\\\/\\\/fogdakezemalapitvany.hu\\\/teljesen-normalis-hogy-kulonbozoek-vagyunk-beszelgetes-gittaval-a-fogd-a-kezem-alapitvany-kezdemenyezojevel\\\/#primaryimage\",\"url\":\"https:\\\/\\\/fogdakezemalapitvany.hu\\\/wp-content\\\/uploads\\\/2026\\\/01\\\/blog-Gitta.jpg\",\"contentUrl\":\"https:\\\/\\\/fogdakezemalapitvany.hu\\\/wp-content\\\/uploads\\\/2026\\\/01\\\/blog-Gitta.jpg\",\"width\":2472,\"height\":2471},{\"@type\":\"BreadcrumbList\",\"@id\":\"https:\\\/\\\/fogdakezemalapitvany.hu\\\/teljesen-normalis-hogy-kulonbozoek-vagyunk-beszelgetes-gittaval-a-fogd-a-kezem-alapitvany-kezdemenyezojevel\\\/#breadcrumb\",\"itemListElement\":[{\"@type\":\"ListItem\",\"position\":1,\"name\":\"Kezd\u0151lap\",\"item\":\"https:\\\/\\\/fogdakezemalapitvany.hu\\\/\"},{\"@type\":\"ListItem\",\"position\":2,\"name\":\"\u201eTeljesen norm\u00e1lis, hogy k\u00fcl\u00f6nb\u00f6z\u0151ek vagyunk\u201d \u2013 besz\u00e9lget\u00e9s Gitt\u00e1val, a Fogd A Kezem Alap\u00edtv\u00e1ny kezdem\u00e9nyez\u0151j\u00e9vel&#8221;\"}]},{\"@type\":\"WebSite\",\"@id\":\"https:\\\/\\\/fogdakezemalapitvany.hu\\\/#website\",\"url\":\"https:\\\/\\\/fogdakezemalapitvany.hu\\\/\",\"name\":\"Fogd a Kezem Alap\u00edtv\u00e1ny\",\"description\":\"\",\"publisher\":{\"@id\":\"https:\\\/\\\/fogdakezemalapitvany.hu\\\/#organization\"},\"potentialAction\":[{\"@type\":\"SearchAction\",\"target\":{\"@type\":\"EntryPoint\",\"urlTemplate\":\"https:\\\/\\\/fogdakezemalapitvany.hu\\\/?s={search_term_string}\"},\"query-input\":{\"@type\":\"PropertyValueSpecification\",\"valueRequired\":true,\"valueName\":\"search_term_string\"}}],\"inLanguage\":\"en-GB\"},{\"@type\":\"Organization\",\"@id\":\"https:\\\/\\\/fogdakezemalapitvany.hu\\\/#organization\",\"name\":\"Fogd a Kezem Alap\u00edtv\u00e1ny\",\"url\":\"https:\\\/\\\/fogdakezemalapitvany.hu\\\/\",\"logo\":{\"@type\":\"ImageObject\",\"inLanguage\":\"en-GB\",\"@id\":\"https:\\\/\\\/fogdakezemalapitvany.hu\\\/#\\\/schema\\\/logo\\\/image\\\/\",\"url\":\"https:\\\/\\\/fogdakezemalapitvany.hu\\\/wp-content\\\/uploads\\\/2025\\\/10\\\/fogdakezem_logo-scaled.png\",\"contentUrl\":\"https:\\\/\\\/fogdakezemalapitvany.hu\\\/wp-content\\\/uploads\\\/2025\\\/10\\\/fogdakezem_logo-scaled.png\",\"width\":2560,\"height\":873,\"caption\":\"Fogd a Kezem Alap\u00edtv\u00e1ny\"},\"image\":{\"@id\":\"https:\\\/\\\/fogdakezemalapitvany.hu\\\/#\\\/schema\\\/logo\\\/image\\\/\"}},{\"@type\":\"Person\",\"@id\":\"https:\\\/\\\/fogdakezemalapitvany.hu\\\/#\\\/schema\\\/person\\\/28741ccf476dfeadabe715bb9adbfec5\",\"name\":\"Szab\u00f3 Fanni\",\"image\":{\"@type\":\"ImageObject\",\"inLanguage\":\"en-GB\",\"@id\":\"https:\\\/\\\/secure.gravatar.com\\\/avatar\\\/043fb0cd17583ceec4ea9aaa0a1d3c332bfa2b188f46d536e557579e7eaf81fd?s=96&d=mm&r=g\",\"url\":\"https:\\\/\\\/secure.gravatar.com\\\/avatar\\\/043fb0cd17583ceec4ea9aaa0a1d3c332bfa2b188f46d536e557579e7eaf81fd?s=96&d=mm&r=g\",\"contentUrl\":\"https:\\\/\\\/secure.gravatar.com\\\/avatar\\\/043fb0cd17583ceec4ea9aaa0a1d3c332bfa2b188f46d536e557579e7eaf81fd?s=96&d=mm&r=g\",\"caption\":\"Szab\u00f3 Fanni\"},\"url\":\"https:\\\/\\\/fogdakezemalapitvany.hu\\\/en\\\/author\\\/szabo-fanni\\\/\"}]}<\/script>\n<!-- \/ Yoast SEO Premium plugin. -->","yoast_head_json":{"title":"\u201eTeljesen norm\u00e1lis, hogy k\u00fcl\u00f6nb\u00f6z\u0151ek vagyunk\u201d \u2013 besz\u00e9lget\u00e9s Gitt\u00e1val, a Fogd A Kezem Alap\u00edtv\u00e1ny kezdem\u00e9nyez\u0151j\u00e9vel\" - Fogd a Kezem Alap\u00edtv\u00e1ny","robots":{"index":"index","follow":"follow","max-snippet":"max-snippet:-1","max-image-preview":"max-image-preview:large","max-video-preview":"max-video-preview:-1"},"canonical":"https:\/\/fogdakezemalapitvany.hu\/en\/teljesen-normalis-hogy-kulonbozoek-vagyunk-beszelgetes-gittaval-a-fogd-a-kezem-alapitvany-kezdemenyezojevel\/","og_locale":"en_GB","og_type":"article","og_title":"\u201eTeljesen norm\u00e1lis, hogy k\u00fcl\u00f6nb\u00f6z\u0151ek vagyunk\u201d \u2013 besz\u00e9lget\u00e9s Gitt\u00e1val, a Fogd A Kezem Alap\u00edtv\u00e1ny kezdem\u00e9nyez\u0151j\u00e9vel\"","og_description":"A p\u00e9csi Fogd A Kezem Alap\u00edtv\u00e1ny 1991 \u00f3ta foglalkozik \u00e9rtelmi fogyat\u00e9kkal \u00e9l\u0151 feln\u0151ttek t\u00e1mogat\u00e1s\u00e1val. C\u00e9lja, hogy az emberi m\u00e9lt\u00f3s\u00e1got szem el\u0151tt tartva, \u00fagy ny\u00fajtson seg\u00edts\u00e9get, amely \u00e1ltal egy\u00fattal \u00f6n\u00e1ll\u00f3s\u00e1gra is nevel. Hogy mindez hogyan val\u00f3sul meg, arr\u00f3l Szvacsekn\u00e9 Jahn Gitta mes\u00e9lt.","og_url":"https:\/\/fogdakezemalapitvany.hu\/en\/teljesen-normalis-hogy-kulonbozoek-vagyunk-beszelgetes-gittaval-a-fogd-a-kezem-alapitvany-kezdemenyezojevel\/","og_site_name":"Fogd a Kezem Alap\u00edtv\u00e1ny","article_published_time":"2026-03-12T08:04:30+00:00","article_modified_time":"2026-04-14T07:54:25+00:00","og_image":[{"width":2472,"height":2471,"url":"https:\/\/fogdakezemalapitvany.hu\/wp-content\/uploads\/2026\/01\/blog-Gitta.jpg","type":"image\/jpeg"}],"author":"Szab\u00f3 Fanni","twitter_card":"summary_large_image","twitter_misc":{"Written by":"Szab\u00f3 Fanni","Estimated reading time":"7 minutes"},"schema":{"@context":"https:\/\/schema.org","@graph":[{"@type":"Article","@id":"https:\/\/fogdakezemalapitvany.hu\/teljesen-normalis-hogy-kulonbozoek-vagyunk-beszelgetes-gittaval-a-fogd-a-kezem-alapitvany-kezdemenyezojevel\/#article","isPartOf":{"@id":"https:\/\/fogdakezemalapitvany.hu\/teljesen-normalis-hogy-kulonbozoek-vagyunk-beszelgetes-gittaval-a-fogd-a-kezem-alapitvany-kezdemenyezojevel\/"},"author":{"name":"Szab\u00f3 Fanni","@id":"https:\/\/fogdakezemalapitvany.hu\/#\/schema\/person\/28741ccf476dfeadabe715bb9adbfec5"},"headline":"\u201eTeljesen norm\u00e1lis, hogy k\u00fcl\u00f6nb\u00f6z\u0151ek vagyunk\u201d \u2013 besz\u00e9lget\u00e9s Gitt\u00e1val, a Fogd A Kezem Alap\u00edtv\u00e1ny kezdem\u00e9nyez\u0151j\u00e9vel&#8221;","datePublished":"2026-03-12T08:04:30+00:00","dateModified":"2026-04-14T07:54:25+00:00","mainEntityOfPage":{"@id":"https:\/\/fogdakezemalapitvany.hu\/teljesen-normalis-hogy-kulonbozoek-vagyunk-beszelgetes-gittaval-a-fogd-a-kezem-alapitvany-kezdemenyezojevel\/"},"wordCount":1704,"commentCount":0,"publisher":{"@id":"https:\/\/fogdakezemalapitvany.hu\/#organization"},"image":{"@id":"https:\/\/fogdakezemalapitvany.hu\/teljesen-normalis-hogy-kulonbozoek-vagyunk-beszelgetes-gittaval-a-fogd-a-kezem-alapitvany-kezdemenyezojevel\/#primaryimage"},"thumbnailUrl":"https:\/\/fogdakezemalapitvany.hu\/wp-content\/uploads\/2026\/01\/blog-Gitta.jpg","articleSection":["Blog"],"inLanguage":"en-GB","potentialAction":[{"@type":"CommentAction","name":"Comment","target":["https:\/\/fogdakezemalapitvany.hu\/teljesen-normalis-hogy-kulonbozoek-vagyunk-beszelgetes-gittaval-a-fogd-a-kezem-alapitvany-kezdemenyezojevel\/#respond"]}]},{"@type":"WebPage","@id":"https:\/\/fogdakezemalapitvany.hu\/teljesen-normalis-hogy-kulonbozoek-vagyunk-beszelgetes-gittaval-a-fogd-a-kezem-alapitvany-kezdemenyezojevel\/","url":"https:\/\/fogdakezemalapitvany.hu\/teljesen-normalis-hogy-kulonbozoek-vagyunk-beszelgetes-gittaval-a-fogd-a-kezem-alapitvany-kezdemenyezojevel\/","name":"\u201eTeljesen norm\u00e1lis, hogy k\u00fcl\u00f6nb\u00f6z\u0151ek vagyunk\u201d \u2013 besz\u00e9lget\u00e9s Gitt\u00e1val, a Fogd A Kezem Alap\u00edtv\u00e1ny kezdem\u00e9nyez\u0151j\u00e9vel\" - Fogd a Kezem Alap\u00edtv\u00e1ny","isPartOf":{"@id":"https:\/\/fogdakezemalapitvany.hu\/#website"},"primaryImageOfPage":{"@id":"https:\/\/fogdakezemalapitvany.hu\/teljesen-normalis-hogy-kulonbozoek-vagyunk-beszelgetes-gittaval-a-fogd-a-kezem-alapitvany-kezdemenyezojevel\/#primaryimage"},"image":{"@id":"https:\/\/fogdakezemalapitvany.hu\/teljesen-normalis-hogy-kulonbozoek-vagyunk-beszelgetes-gittaval-a-fogd-a-kezem-alapitvany-kezdemenyezojevel\/#primaryimage"},"thumbnailUrl":"https:\/\/fogdakezemalapitvany.hu\/wp-content\/uploads\/2026\/01\/blog-Gitta.jpg","datePublished":"2026-03-12T08:04:30+00:00","dateModified":"2026-04-14T07:54:25+00:00","breadcrumb":{"@id":"https:\/\/fogdakezemalapitvany.hu\/teljesen-normalis-hogy-kulonbozoek-vagyunk-beszelgetes-gittaval-a-fogd-a-kezem-alapitvany-kezdemenyezojevel\/#breadcrumb"},"inLanguage":"en-GB","potentialAction":[{"@type":"ReadAction","target":["https:\/\/fogdakezemalapitvany.hu\/teljesen-normalis-hogy-kulonbozoek-vagyunk-beszelgetes-gittaval-a-fogd-a-kezem-alapitvany-kezdemenyezojevel\/"]}]},{"@type":"ImageObject","inLanguage":"en-GB","@id":"https:\/\/fogdakezemalapitvany.hu\/teljesen-normalis-hogy-kulonbozoek-vagyunk-beszelgetes-gittaval-a-fogd-a-kezem-alapitvany-kezdemenyezojevel\/#primaryimage","url":"https:\/\/fogdakezemalapitvany.hu\/wp-content\/uploads\/2026\/01\/blog-Gitta.jpg","contentUrl":"https:\/\/fogdakezemalapitvany.hu\/wp-content\/uploads\/2026\/01\/blog-Gitta.jpg","width":2472,"height":2471},{"@type":"BreadcrumbList","@id":"https:\/\/fogdakezemalapitvany.hu\/teljesen-normalis-hogy-kulonbozoek-vagyunk-beszelgetes-gittaval-a-fogd-a-kezem-alapitvany-kezdemenyezojevel\/#breadcrumb","itemListElement":[{"@type":"ListItem","position":1,"name":"Kezd\u0151lap","item":"https:\/\/fogdakezemalapitvany.hu\/"},{"@type":"ListItem","position":2,"name":"\u201eTeljesen norm\u00e1lis, hogy k\u00fcl\u00f6nb\u00f6z\u0151ek vagyunk\u201d \u2013 besz\u00e9lget\u00e9s Gitt\u00e1val, a Fogd A Kezem Alap\u00edtv\u00e1ny kezdem\u00e9nyez\u0151j\u00e9vel&#8221;"}]},{"@type":"WebSite","@id":"https:\/\/fogdakezemalapitvany.hu\/#website","url":"https:\/\/fogdakezemalapitvany.hu\/","name":"Fogd a Kezem Alap\u00edtv\u00e1ny","description":"","publisher":{"@id":"https:\/\/fogdakezemalapitvany.hu\/#organization"},"potentialAction":[{"@type":"SearchAction","target":{"@type":"EntryPoint","urlTemplate":"https:\/\/fogdakezemalapitvany.hu\/?s={search_term_string}"},"query-input":{"@type":"PropertyValueSpecification","valueRequired":true,"valueName":"search_term_string"}}],"inLanguage":"en-GB"},{"@type":"Organization","@id":"https:\/\/fogdakezemalapitvany.hu\/#organization","name":"Fogd a Kezem Alap\u00edtv\u00e1ny","url":"https:\/\/fogdakezemalapitvany.hu\/","logo":{"@type":"ImageObject","inLanguage":"en-GB","@id":"https:\/\/fogdakezemalapitvany.hu\/#\/schema\/logo\/image\/","url":"https:\/\/fogdakezemalapitvany.hu\/wp-content\/uploads\/2025\/10\/fogdakezem_logo-scaled.png","contentUrl":"https:\/\/fogdakezemalapitvany.hu\/wp-content\/uploads\/2025\/10\/fogdakezem_logo-scaled.png","width":2560,"height":873,"caption":"Fogd a Kezem Alap\u00edtv\u00e1ny"},"image":{"@id":"https:\/\/fogdakezemalapitvany.hu\/#\/schema\/logo\/image\/"}},{"@type":"Person","@id":"https:\/\/fogdakezemalapitvany.hu\/#\/schema\/person\/28741ccf476dfeadabe715bb9adbfec5","name":"Fanni Szab\u00f3","image":{"@type":"ImageObject","inLanguage":"en-GB","@id":"https:\/\/secure.gravatar.com\/avatar\/043fb0cd17583ceec4ea9aaa0a1d3c332bfa2b188f46d536e557579e7eaf81fd?s=96&d=mm&r=g","url":"https:\/\/secure.gravatar.com\/avatar\/043fb0cd17583ceec4ea9aaa0a1d3c332bfa2b188f46d536e557579e7eaf81fd?s=96&d=mm&r=g","contentUrl":"https:\/\/secure.gravatar.com\/avatar\/043fb0cd17583ceec4ea9aaa0a1d3c332bfa2b188f46d536e557579e7eaf81fd?s=96&d=mm&r=g","caption":"Szab\u00f3 Fanni"},"url":"https:\/\/fogdakezemalapitvany.hu\/en\/author\/szabo-fanni\/"}]}},"_links":{"self":[{"href":"https:\/\/fogdakezemalapitvany.hu\/en\/wp-json\/wp\/v2\/posts\/4673","targetHints":{"allow":["GET"]}}],"collection":[{"href":"https:\/\/fogdakezemalapitvany.hu\/en\/wp-json\/wp\/v2\/posts"}],"about":[{"href":"https:\/\/fogdakezemalapitvany.hu\/en\/wp-json\/wp\/v2\/types\/post"}],"author":[{"embeddable":true,"href":"https:\/\/fogdakezemalapitvany.hu\/en\/wp-json\/wp\/v2\/users\/4"}],"replies":[{"embeddable":true,"href":"https:\/\/fogdakezemalapitvany.hu\/en\/wp-json\/wp\/v2\/comments?post=4673"}],"version-history":[{"count":5,"href":"https:\/\/fogdakezemalapitvany.hu\/en\/wp-json\/wp\/v2\/posts\/4673\/revisions"}],"predecessor-version":[{"id":4994,"href":"https:\/\/fogdakezemalapitvany.hu\/en\/wp-json\/wp\/v2\/posts\/4673\/revisions\/4994"}],"wp:featuredmedia":[{"embeddable":true,"href":"https:\/\/fogdakezemalapitvany.hu\/en\/wp-json\/wp\/v2\/media\/3473"}],"wp:attachment":[{"href":"https:\/\/fogdakezemalapitvany.hu\/en\/wp-json\/wp\/v2\/media?parent=4673"}],"wp:term":[{"taxonomy":"category","embeddable":true,"href":"https:\/\/fogdakezemalapitvany.hu\/en\/wp-json\/wp\/v2\/categories?post=4673"},{"taxonomy":"post_tag","embeddable":true,"href":"https:\/\/fogdakezemalapitvany.hu\/en\/wp-json\/wp\/v2\/tags?post=4673"}],"curies":[{"name":"wp","href":"https:\/\/api.w.org\/{rel}","templated":true}]}}